{"id":17368,"date":"2021-04-26T11:15:02","date_gmt":"2021-04-26T15:15:02","guid":{"rendered":"https:\/\/www.vayahealth.com\/?p=17368"},"modified":"2025-12-10T15:20:41","modified_gmt":"2025-12-10T20:20:41","slug":"supporting-individuals-with-autism-in-emergency-services-situations-bridging-the-communication-gap","status":"publish","type":"post","link":"https:\/\/www.vayahealth.com\/es\/news-and-stories\/supporting-individuals-with-autism-in-emergency-services-situations-bridging-the-communication-gap\/","title":{"rendered":"Apoyo a las personas con autismo en situaciones de emergencia: Reducir la brecha comunicativa"},"content":{"rendered":"<p>\"\u00bfPodr\u00edamos haber hecho algo m\u00e1s en esa situaci\u00f3n?\".<\/p>\n\n\n\n<p>Esa fue la pregunta que plante\u00f3 un param\u00e9dico durante un curso de formaci\u00f3n de la Sociedad de Autismo de Carolina del Norte al hablar de la respuesta a una situaci\u00f3n de emergencia que se hab\u00eda agravado hasta el punto de tener que sedar y hospitalizar a una persona con autismo. Aunque existe informaci\u00f3n y estrategias en torno al autismo, se puede entender a un nivel totalmente distinto cuando alguien con autismo habla de su propia experiencia y de c\u00f3mo comunicarse mejor.<\/p>\n\n\n\n<p>\"Me encantar\u00eda ayudar a los primeros intervinientes a entender mejor el autismo, especialmente en situaciones de estr\u00e9s, y darles mejores estrategias para ayudar\", dijo Danny, miembro de Vaya Health con autismo y director ejecutivo de Autistics United.<\/p>\n\n\n\n<p>La presentaci\u00f3n de Danny en el curso Supporting Individuals with Autism in Emergency Services Situations: A Training for Paramedics and Mental Health Partners trat\u00f3 algunos de los comportamientos que cabe esperar de alguien con autismo, como no establecer contacto visual, autolesionarse y estimularse, como agitar las manos, mecerse, dar vueltas o repetir palabras y frases. Aunque las personas con autismo pueden mostrar comportamientos similares, cada individuo tiene sus propias preferencias y t\u00e9cnicas que le ayudan a calmarse, y depende del socorrista trabajar con el individuo y sus apoyos naturales para encontrar la mejor manera de comunicarse.<\/p>\n\n\n\n<figure class=\"wp-block-image alignright size-full is-resized\"><img loading=\"lazy\" decoding=\"async\" width=\"555\" height=\"416\" src=\"https:\/\/www.vayahealth.com\/wp-content\/uploads\/2021\/04\/Danny-training.jpg\" alt=\"Hombre de pie delante de una pantalla con una presentaci\u00f3n de PowerPoint presentando informaci\u00f3n a un hombre y una mujer que est\u00e1n sentados mir\u00e1ndole.\" class=\"wp-image-17369\" srcset=\"https:\/\/www.vayahealth.com\/wp-content\/uploads\/2021\/04\/Danny-training.jpg 555w, https:\/\/www.vayahealth.com\/wp-content\/uploads\/2021\/04\/Danny-training-300x225.jpg 300w\" sizes=\"auto, (max-width: 555px) 100vw, 555px\" \/><figcaption class=\"wp-element-caption\">Danny comparte sus experiencias como autista<\/figcaption><\/figure>\n\n\n\n<p>\"En los \u00faltimos a\u00f1os, especialmente aqu\u00ed en el oeste de Carolina del Norte, hemos visto un movimiento real para que las personas con autismo hablen por s\u00ed mismas\", dijo Michael LePage, director regional de servicios de la Sociedad de Autismo de Carolina del Norte. \"Es una gran oportunidad para escuchar a alguien que es autista y se identifica como tal. Danny es una persona incre\u00edble. Ha ganado m\u00faltiples premios por su autodefensa y por ser un gran defensor de la comunidad autista.\"<\/p>\n\n\n\n<p>Danny comparti\u00f3 informaci\u00f3n e historias recogidas de los miembros de Autistics United, as\u00ed como algunas propias. Compartiendo historias personales, como la de su familia amenazando con llamar a la polic\u00eda por una crisis que \u00e9l estaba experimentando, pudo sacar a la luz la tendencia de las personas con autismo a sentirse abrumadas e incapaces de expresarse con palabras en situaciones estresantes. Y por muy estresante que pueda ser para la persona con autismo, Michael sabe lo que se siente desde el lado de los padres.<\/p>\n\n\n\n<p>\"Como padre, cuando tienes que coger el tel\u00e9fono y llamar a la polic\u00eda o a los primeros intervinientes, es un asco\", dijo Michael. \"Te sientes fatal y te sientes un fracasado porque todo lo que hab\u00edamos trabajado para evitar ese momento no ha funcionado y ahora la situaci\u00f3n se ha agravado\".<\/p>\n\n\n\n<p>Michael transmiti\u00f3 la idea de que, aunque el deber de los primeros intervinientes sea reaccionar con rapidez, nuestra tendencia social a repetir la informaci\u00f3n o a\u00f1adir palabras adicionales puede empeorar la situaci\u00f3n de una persona con autismo.&nbsp;<\/p>\n\n\n\n<figure class=\"wp-block-image alignright size-full\"><img loading=\"lazy\" decoding=\"async\" width=\"338\" height=\"416\" src=\"https:\/\/www.vayahealth.com\/wp-content\/uploads\/2021\/04\/Michael-training-1.jpg\" alt=\"Un formador de pie frente a los alumnos dando una conferencia con una pantalla detr\u00e1s mostrando una presentaci\u00f3n de PowerPoint.\" class=\"wp-image-17371\" srcset=\"https:\/\/www.vayahealth.com\/wp-content\/uploads\/2021\/04\/Michael-training-1.jpg 338w, https:\/\/www.vayahealth.com\/wp-content\/uploads\/2021\/04\/Michael-training-1-244x300.jpg 244w\" sizes=\"auto, (max-width: 338px) 100vw, 338px\" \/><figcaption class=\"wp-element-caption\">Michael comparte pegatinas sobre autismo que pueden ayudar a los primeros intervinientes a ser conscientes de que la persona a la que est\u00e1n ayudando tiene autismo.<\/figcaption><\/figure>\n\n\n\n<p>\"S\u00e9 que el tiempo apremia, y va a parecer contraintuitivo en cierto modo ralentizar la comunicaci\u00f3n verbal, pero podr\u00eda ser la herramienta exacta que necesitas para desescalar la situaci\u00f3n\", dijo Michael. \"Lo importante son menos palabras, no m\u00e1s. Es s\u00f3lo una forma de aprender a comunicarnos entre nosotros y salvar esa distancia\".<\/p>\n\n\n\n<p>Adem\u00e1s de comprender c\u00f3mo reaccionan de forma diferente las personas con autismo en este tipo de situaciones y las t\u00e9cnicas para manejarlas mejor, la formaci\u00f3n fue tambi\u00e9n una forma de animar a los profesionales a compartir las herramientas aprendidas con los dem\u00e1s y a trabajar para comprometerse de forma proactiva con la comunidad. Al ayudar a acabar con el estigma y fomentar la confianza entre las personas con autismo y los primeros intervinientes, la polic\u00eda y otras figuras de autoridad ayudar\u00e1n a sentar las bases antes de que llegue una crisis.<\/p>\n\n\n\n<figure class=\"wp-block-image alignleft size-full is-resized\"><img loading=\"lazy\" decoding=\"async\" width=\"555\" height=\"416\" src=\"https:\/\/www.vayahealth.com\/wp-content\/uploads\/2021\/04\/autism-sticker.jpg\" alt=\"Un cartel verde en la puerta que dice &quot;Persona con autismo. Puede no responder a \u00f3rdenes verbales&quot;.\" class=\"wp-image-17372\" style=\"object-fit:cover\" srcset=\"https:\/\/www.vayahealth.com\/wp-content\/uploads\/2021\/04\/autism-sticker.jpg 555w, https:\/\/www.vayahealth.com\/wp-content\/uploads\/2021\/04\/autism-sticker-300x225.jpg 300w\" sizes=\"auto, (max-width: 555px) 100vw, 555px\" \/><\/figure>\n\n\n\n<p>\"Al final hacen falta dos -el autista y la persona que le ayuda- para encontrar formas alternativas de gestionar la crisis\", dice Danny.<\/p>\n\n\n\n<p>Para obtener informaci\u00f3n y recursos sobre autismo y formaci\u00f3n, visite <a href=\"http:\/\/www.autismsociety-nc.org\">www.autismsociety-nc.org<\/a>. M\u00e1s informaci\u00f3n sobre Autistics United en www.autistics-united.com.<\/p>","protected":false},"excerpt":{"rendered":"<p>\u201cWas there something else we could have done in that situation?\u201d That was a question posed by a paramedic during a training by the Autism Society of NC when talking [&hellip;]<\/p>\n","protected":false},"author":20,"featured_media":49206,"comment_status":"closed","ping_status":"closed","sticky":false,"template":"","format":"standard","meta":{"_tec_requires_first_save":true,"_price":"","_stock":"","_tribe_ticket_header":"","_tribe_default_ticket_provider":"","_tribe_ticket_capacity":"0","_ticket_start_date":"","_ticket_end_date":"","_tribe_ticket_show_description":"","_tribe_ticket_show_not_going":false,"_tribe_ticket_use_global_stock":"","_tribe_ticket_global_stock_level":"","_global_stock_mode":"","_global_stock_cap":"","_tribe_rsvp_for_event":"","_tribe_ticket_going_count":"","_tribe_ticket_not_going_count":"","_tribe_tickets_list":"[]","_tribe_ticket_has_attendee_info_fields":false,"_EventAllDay":false,"_EventTimezone":"","_EventStartDate":"","_EventEndDate":"","_EventStartDateUTC":"","_EventEndDateUTC":"","_EventShowMap":false,"_EventShowMapLink":false,"_EventURL":"","_EventCost":"","_EventCostDescription":"","_EventCurrencySymbol":"","_EventCurrencyCode":"","_EventCurrencyPosition":"","_EventDateTimeSeparator":"","_EventTimeRangeSeparator":"","_EventOrganizerID":[],"_EventVenueID":[],"_OrganizerEmail":"","_OrganizerPhone":"","_OrganizerWebsite":"","_VenueAddress":"","_VenueCity":"","_VenueCountry":"","_VenueProvince":"","_VenueState":"","_VenueZip":"","_VenuePhone":"","_VenueURL":"","_VenueStateProvince":"","_VenueLat":"","_VenueLng":"","_VenueShowMap":false,"_VenueShowMapLink":false,"_tribe_blocks_recurrence_rules":"","_tribe_blocks_recurrence_description":"","_tribe_blocks_recurrence_exclusions":"","banner-text":"","banner-text-color":"","button-text":"","button-text-color":"","button-link":"","has-button-icon":"","background-color":"","has-background-icon":"","background-icon-color":"","second-featured-image":"","footnotes":"","_tec_slr_enabled":"","_tec_slr_layout":""},"categories":[34591,227],"tags":[],"class_list":["post-17368","post","type-post","status-publish","format-standard","has-post-thumbnail","hentry","category-idd","category-news"],"aioseo_notices":[],"ticketed":false,"_links":{"self":[{"href":"https:\/\/www.vayahealth.com\/es\/wp-json\/wp\/v2\/posts\/17368","targetHints":{"allow":["GET"]}}],"collection":[{"href":"https:\/\/www.vayahealth.com\/es\/wp-json\/wp\/v2\/posts"}],"about":[{"href":"https:\/\/www.vayahealth.com\/es\/wp-json\/wp\/v2\/types\/post"}],"author":[{"embeddable":true,"href":"https:\/\/www.vayahealth.com\/es\/wp-json\/wp\/v2\/users\/20"}],"replies":[{"embeddable":true,"href":"https:\/\/www.vayahealth.com\/es\/wp-json\/wp\/v2\/comments?post=17368"}],"version-history":[{"count":0,"href":"https:\/\/www.vayahealth.com\/es\/wp-json\/wp\/v2\/posts\/17368\/revisions"}],"wp:featuredmedia":[{"embeddable":true,"href":"https:\/\/www.vayahealth.com\/es\/wp-json\/wp\/v2\/media\/49206"}],"wp:attachment":[{"href":"https:\/\/www.vayahealth.com\/es\/wp-json\/wp\/v2\/media?parent=17368"}],"wp:term":[{"taxonomy":"category","embeddable":true,"href":"https:\/\/www.vayahealth.com\/es\/wp-json\/wp\/v2\/categories?post=17368"},{"taxonomy":"post_tag","embeddable":true,"href":"https:\/\/www.vayahealth.com\/es\/wp-json\/wp\/v2\/tags?post=17368"}],"curies":[{"name":"wp","href":"https:\/\/api.w.org\/{rel}","templated":true}]}}