{"id":31697,"date":"2023-03-07T15:46:42","date_gmt":"2023-03-07T20:46:42","guid":{"rendered":"https:\/\/www.vayahealth.com\/?p=31697"},"modified":"2025-12-10T15:28:05","modified_gmt":"2025-12-10T20:28:05","slug":"vaya-health-tailored-plan-vaya-total-care-will-launch-oct-1-2023","status":"publish","type":"post","link":"https:\/\/www.vayahealth.com\/es\/news-and-stories\/vaya-health-tailored-plan-vaya-total-care-will-launch-oct-1-2023\/","title":{"rendered":"Plan a medida Vaya Health - Vaya Total Care - se pondr\u00e1 en marcha en 2024"},"content":{"rendered":"<p>El Departamento de Salud y Servicios Humanos de Carolina del Norte (NCDHHS) ha anunciado un nuevo calendario para el lanzamiento de NC Medicaid Managed Care Behavioral Health and Intellectual \/ Developmental Disabilities Tailored Plans (Tailored Plans).&nbsp;&nbsp;<\/p>\n\n\n\n<p><strong>Calendario de aplicaci\u00f3n del plan a medida<\/strong>&nbsp;<br><em>Esta p\u00e1gina se actualizar\u00e1 a medida que se disponga de m\u00e1s fechas e informaci\u00f3n. Vis\u00edtela a menudo.<\/em><strong>&nbsp;<\/strong>&nbsp;<\/p>\n\n\n\n<p>Todos los Planes a Medida, incluido el Plan a Medida Vaya Health (Vaya Total Care), se lanzar\u00e1n en 2024.\u00a0<\/p>\n\n\n\n<p>Se extender\u00e1 el Per\u00edodo de Elecci\u00f3n del Miembro para que los miembros del Plan Adaptado elijan un Proveedor de Atenci\u00f3n Primaria (PCP). NCDHHS anunciar\u00e1 una nueva fecha y Vaya la compartir\u00e1 en las pr\u00f3ximas semanas.&nbsp;<\/p>\n\n\n\n<p>El Programa de Oportunidades Saludables tambi\u00e9n se pondr\u00e1 en marcha en 2024. Para m\u00e1s informaci\u00f3n sobre el programa, visite la p\u00e1gina <a href=\"https:\/\/impacthealth.org\/healthy-opportunities-pilot\/\" target=\"_blank\" rel=\"noreferrer noopener\">P\u00e1gina web de Impact Health<\/a>.\u00a0\u00a0<\/p>\n\n\n\n<p><strong>Para los miembros de LME\/MCO<\/strong>&nbsp;<\/p>\n\n\n\n<p>Los beneficiarios que se espera que reciban atenci\u00f3n a trav\u00e9s de un plan adaptado seguir\u00e1n recibiendo servicios de salud conductual y apoyos I\/DD y TBI a trav\u00e9s de su LME\/MCO actual. Estos beneficiarios seguir\u00e1n recibiendo sus servicios de salud f\u00edsica y farmacia a trav\u00e9s de NC Medicaid Direct, al igual que lo hacen hoy en d\u00eda.&nbsp;<\/p>\n\n\n\n<p>Leer el <a href=\"https:\/\/www.ncdhhs.gov\/news\/press-releases\/2023\/02\/27\/ncdhhs-delays-implementation-nc-medicaid-managed-care-behavioral-health-and-idd-tailored-plans\" target=\"_blank\" rel=\"noreferrer noopener\">Anuncio del NCDHHS en su sitio web<\/a>.<\/p>\n\n\n\n<div style=\"height:10px\" aria-hidden=\"true\" class=\"wp-block-spacer\"><\/div>\n\n\n\n<p><strong><em>*La fecha de lanzamiento se actualiz\u00f3 de acuerdo con una nueva actualizaci\u00f3n del NCDHHS. <\/em><\/strong><\/p>","protected":false},"excerpt":{"rendered":"<p>The North Carolina Department of Health and Human Services (NCDHHS) has announced a new schedule for the launch of NC Medicaid Managed Care Behavioral Health and Intellectual\/ Developmental Disabilities Tailored [&hellip;]<\/p>\n","protected":false},"author":20,"featured_media":48298,"comment_status":"closed","ping_status":"closed","sticky":false,"template":"","format":"standard","meta":{"_tec_requires_first_save":true,"_price":"","_stock":"","_tribe_ticket_header":"","_tribe_default_ticket_provider":"","_tribe_ticket_capacity":"0","_ticket_start_date":"","_ticket_end_date":"","_tribe_ticket_show_description":"","_tribe_ticket_show_not_going":false,"_tribe_ticket_use_global_stock":"","_tribe_ticket_global_stock_level":"","_global_stock_mode":"","_global_stock_cap":"","_tribe_rsvp_for_event":"","_tribe_ticket_going_count":"","_tribe_ticket_not_going_count":"","_tribe_tickets_list":"[]","_tribe_ticket_has_attendee_info_fields":false,"_EventAllDay":false,"_EventTimezone":"","_EventStartDate":"","_EventEndDate":"","_EventStartDateUTC":"","_EventEndDateUTC":"","_EventShowMap":false,"_EventShowMapLink":false,"_EventURL":"","_EventCost":"","_EventCostDescription":"","_EventCurrencySymbol":"","_EventCurrencyCode":"","_EventCurrencyPosition":"","_EventDateTimeSeparator":"","_EventTimeRangeSeparator":"","_EventOrganizerID":[],"_EventVenueID":[0],"_OrganizerEmail":"","_OrganizerPhone":"","_OrganizerWebsite":"","_VenueAddress":"","_VenueCity":"","_VenueCountry":"","_VenueProvince":"","_VenueState":"","_VenueZip":"","_VenuePhone":"","_VenueURL":"","_VenueStateProvince":"","_VenueLat":"","_VenueLng":"","_VenueShowMap":false,"_VenueShowMapLink":false,"_tribe_blocks_recurrence_rules":"","_tribe_blocks_recurrence_description":"","_tribe_blocks_recurrence_exclusions":"","banner-text":"","banner-text-color":"","button-text":"","button-text-color":"","button-link":"","has-button-icon":"","background-color":"","has-background-icon":"","background-icon-color":"","second-featured-image":"","footnotes":"","_tec_slr_enabled":"","_tec_slr_layout":""},"categories":[319,227],"tags":[383,374,315],"class_list":["post-31697","post","type-post","status-publish","format-standard","has-post-thumbnail","hentry","category-announcements","category-news","tag-ncdhhs","tag-news-release","tag-tailored-plan"],"aioseo_notices":[],"ticketed":false,"_links":{"self":[{"href":"https:\/\/www.vayahealth.com\/es\/wp-json\/wp\/v2\/posts\/31697","targetHints":{"allow":["GET"]}}],"collection":[{"href":"https:\/\/www.vayahealth.com\/es\/wp-json\/wp\/v2\/posts"}],"about":[{"href":"https:\/\/www.vayahealth.com\/es\/wp-json\/wp\/v2\/types\/post"}],"author":[{"embeddable":true,"href":"https:\/\/www.vayahealth.com\/es\/wp-json\/wp\/v2\/users\/20"}],"replies":[{"embeddable":true,"href":"https:\/\/www.vayahealth.com\/es\/wp-json\/wp\/v2\/comments?post=31697"}],"version-history":[{"count":0,"href":"https:\/\/www.vayahealth.com\/es\/wp-json\/wp\/v2\/posts\/31697\/revisions"}],"wp:featuredmedia":[{"embeddable":true,"href":"https:\/\/www.vayahealth.com\/es\/wp-json\/wp\/v2\/media\/48298"}],"wp:attachment":[{"href":"https:\/\/www.vayahealth.com\/es\/wp-json\/wp\/v2\/media?parent=31697"}],"wp:term":[{"taxonomy":"category","embeddable":true,"href":"https:\/\/www.vayahealth.com\/es\/wp-json\/wp\/v2\/categories?post=31697"},{"taxonomy":"post_tag","embeddable":true,"href":"https:\/\/www.vayahealth.com\/es\/wp-json\/wp\/v2\/tags?post=31697"}],"curies":[{"name":"wp","href":"https:\/\/api.w.org\/{rel}","templated":true}]}}